{"id":282,"date":"2022-09-02T06:43:21","date_gmt":"2022-09-02T06:43:21","guid":{"rendered":"https:\/\/hiilipuu-prod-22.atm.helsinki.fi\/hiilipuu\/?p=282"},"modified":"2022-09-02T06:43:22","modified_gmt":"2022-09-02T06:43:22","slug":"kasvihengityksen-mittaaminen","status":"publish","type":"post","link":"https:\/\/www.hiilipuu.fi\/index.php\/2022\/09\/02\/kasvihengityksen-mittaaminen\/","title":{"rendered":"Kasvihengityksen mittaaminen"},"content":{"rendered":"\n<div class=\"wp-block-columns is-layout-flex wp-container-core-columns-is-layout-9d6595d7 wp-block-columns-is-layout-flex\">\n<div class=\"wp-block-column is-layout-flow wp-block-column-is-layout-flow\">\n<p>Versojen hengitys voidaan m\u00e4\u00e4ritt\u00e4\u00e4\u00a0samoista mittauksista\u00a0 kuin yhteytt\u00e4minen.<\/p>\n\n\n\n<p>Rungon hengityst\u00e4 mitataan siihen erikseen suunnitellulla kammiolla. Juurten hengityst\u00e4 ei voi mitata suoraan vaan se mitataan\u00a0maakammioilla\u00a0yhdess\u00e4 pintakasvillisuuden yhteytyksen ja maan mikrobitoiminnan aiheuttamien hiilidioksidip\u00e4\u00e4st\u00f6jen kanssa.<\/p>\n<\/div>\n\n\n\n<div class=\"wp-block-column is-layout-flow wp-block-column-is-layout-flow\">\n<figure class=\"wp-block-image size-full\"><img loading=\"lazy\" decoding=\"async\" width=\"360\" height=\"480\" src=\"https:\/\/hiilipuu-prod-22.atm.helsinki.fi\/hiilipuu\/wp-content\/uploads\/2022\/09\/Runkokammio_JAalto_p.jpg\" alt=\"\" class=\"wp-image-283\"\/><\/figure>\n\n\n\n<figure class=\"wp-block-image size-full\"><img loading=\"lazy\" decoding=\"async\" width=\"739\" height=\"568\" src=\"https:\/\/hiilipuu-prod-22.atm.helsinki.fi\/hiilipuu\/wp-content\/uploads\/2022\/09\/Versokammio2_PKolari_p.jpg\" alt=\"\" class=\"wp-image-284\"\/><\/figure>\n<\/div>\n<\/div>\n","protected":false},"excerpt":{"rendered":"<p>Versojen hengitys voidaan m\u00e4\u00e4ritt\u00e4\u00e4\u00a0samoista mittauksista\u00a0 kuin yhteytt\u00e4minen. Rungon hengityst\u00e4 mitataan siihen erikseen suunnitellulla kammiolla. Juurten hengityst\u00e4 ei voi mitata suoraan vaan se mitataan\u00a0maakammioilla\u00a0yhdess\u00e4 pintakasvillisuuden yhteytyksen ja maan mikrobitoiminnan aiheuttamien hiilidioksidip\u00e4\u00e4st\u00f6jen kanssa.<\/p>\n","protected":false},"author":1,"featured_media":0,"comment_status":"open","ping_status":"open","sticky":false,"template":"","format":"standard","meta":{"neve_meta_sidebar":"","neve_meta_container":"","neve_meta_enable_content_width":"","neve_meta_content_width":0,"neve_meta_title_alignment":"","neve_meta_author_avatar":"","neve_post_elements_order":"","neve_meta_disable_header":"","neve_meta_disable_footer":"","neve_meta_disable_title":"","footnotes":""},"categories":[25],"tags":[],"class_list":["post-282","post","type-post","status-publish","format-standard","hentry","category-artikkelit"],"_links":{"self":[{"href":"https:\/\/www.hiilipuu.fi\/index.php\/wp-json\/wp\/v2\/posts\/282","targetHints":{"allow":["GET"]}}],"collection":[{"href":"https:\/\/www.hiilipuu.fi\/index.php\/wp-json\/wp\/v2\/posts"}],"about":[{"href":"https:\/\/www.hiilipuu.fi\/index.php\/wp-json\/wp\/v2\/types\/post"}],"author":[{"embeddable":true,"href":"https:\/\/www.hiilipuu.fi\/index.php\/wp-json\/wp\/v2\/users\/1"}],"replies":[{"embeddable":true,"href":"https:\/\/www.hiilipuu.fi\/index.php\/wp-json\/wp\/v2\/comments?post=282"}],"version-history":[{"count":1,"href":"https:\/\/www.hiilipuu.fi\/index.php\/wp-json\/wp\/v2\/posts\/282\/revisions"}],"predecessor-version":[{"id":285,"href":"https:\/\/www.hiilipuu.fi\/index.php\/wp-json\/wp\/v2\/posts\/282\/revisions\/285"}],"wp:attachment":[{"href":"https:\/\/www.hiilipuu.fi\/index.php\/wp-json\/wp\/v2\/media?parent=282"}],"wp:term":[{"taxonomy":"category","embeddable":true,"href":"https:\/\/www.hiilipuu.fi\/index.php\/wp-json\/wp\/v2\/categories?post=282"},{"taxonomy":"post_tag","embeddable":true,"href":"https:\/\/www.hiilipuu.fi\/index.php\/wp-json\/wp\/v2\/tags?post=282"}],"curies":[{"name":"wp","href":"https:\/\/api.w.org\/{rel}","templated":true}]}}